{"id":4646,"date":"2014-09-22T15:39:05","date_gmt":"2014-09-22T13:39:05","guid":{"rendered":"http:\/\/www.attitude.lu\/peur-parler-en-public-ce-maladie\/"},"modified":"2016-12-07T14:29:11","modified_gmt":"2016-12-07T13:29:11","slug":"o-medo-de-falar-em-publico-e-uma-doenca","status":"publish","type":"post","link":"https:\/\/www.attitude.lu\/pt-pt\/o-medo-de-falar-em-publico-e-uma-doenca\/","title":{"rendered":"\u00ab O medo de falar em p\u00fablico, \u00e9 uma doen\u00e7a\u00a0? \u00bb"},"content":{"rendered":"<p>[vc_row][vc_column][vc_column_text]<\/p>\n<h1>La peur de parler en public, est-ce une maladie\u00a0?<\/h1>\n<p>\u00ab\u00a0O coaching distingue-se na nebulosa do acompanhamento uma vez que se coloca ao servi\u00e7o do desempenho profissional para pessoas que n\u00e3o s\u00e3o pacientes.\u00a0\u00bb (PERSSON S .<a href=\"#_ftn1\" name=\"_ftnref1\">[1]<\/a> 2008)<\/p>\n<p>O medo de falar em p\u00fablico n\u00e3o deve ser vivido como uma doen\u00e7a. \u00c9 normal sentir uma certa dose de ansiedade antes da tomada de palavra em p\u00fablico.<\/p>\n<p>O coaching permite a todos os que tomam a palavra em p\u00fablico e sobretudo \u00e0queles que se sentem t\u00edmidos, de se compreender e de ultrapassar o seu medo.<\/p>\n<p>O subconsciente pode gerar informa\u00e7\u00f5es negativas que influenciam as nossas emo\u00e7\u00f5es. Consideramos igualmente que a nossa mente \u00e9 a central, a que comanda e dirige. Est\u00e1 \u00e0 origem das nossas ideias, dos nossos pensamentos. O corpo e a mente reagem pelo princ\u00edpio da a\u00e7\u00e3o-rea\u00e7\u00e3o. \u00c9 portanto essencial que os nossos pensamentos sejam positivos.<\/p>\n<p>O exemplo de transforma\u00e7\u00e3o do medo em fator positivo de concentra\u00e7\u00e3o, que encerrou a \u00faltima parte, nos demonstrou que o acompanhamento de um coach \u00e9 ben\u00e9fico para todas as pessoas que sentem esta ansiedade de tomar a palavra em p\u00fablico.<\/p>\n<p>O fil\u00f3sofo EMERSON Ralph Waldo, declarou que: \u00ab\u00a0o medo faz fracassar mais pessoas que qualquer praga no mundo\u00a0\u00bb.<\/p>\n<p>Em contrapartida \u00ab\u00a0Se ousa libertar-se da pessoa que pensa ser, saber o que \u00e9 ter asas\u00a0\u00bb (FINLAY G. Citado por DELAHAUT F., <a href=\"#_ftn2\" name=\"_ftnref2\">[2] <\/a>2012 Groupe de Boeck s.a., 2012)<\/p>\n<p>Esta reflex\u00e3o abre portas no que diz respeito \u00e0 utiliza\u00e7\u00e3o do coaching em muitos outros setores. Poder\u00edamos institucionaliz\u00e1-la\u00a0? Este desenvolvimento na empresa requer meios de progresso espec\u00edficos. Poder\u00edamos considerar um processo de formaliza\u00e7\u00e3o onde todos os que t\u00eam falta de confian\u00e7a seguiriam um coaching. Qual seria neste caso o benef\u00edcio? Penso que n\u00e3o haveria muitos benef\u00edcios. Consideremos as duas faces poss\u00edveis. O indiv\u00edduo beneficiaria de um acompanhamento personalizado que lhe permitiria desenvolver as suas capacidades que o levariam mais longe na sua carreira. Um jovem poderia assim ter sucesso profissionalmente ultrapassando os seus pr\u00f3prios receios. A outra vantagem diria respeito \u00e0 evolu\u00e7\u00e3o da imagem da nossa sociedade, a capital cultural e a capital pol\u00edtica. Ser\u00e1 o coaching resposta \u00e0 problem\u00e1tica de numerosas pessoas confrontadas a ter de falar em p\u00fablico? Poderia inverter a classifica\u00e7\u00e3o nos estudos relativamente aos maiores medos da nossa sociedade\u00a0? Reflex\u00f5es a seguir.<\/p>\n<p><a href=\"#_ftnref1\" name=\"_ftn1\">[1]<\/a> <em>PERSSON S. ( 2008) article\u00a0: les fronti\u00e8res du coaching selon les coachs<\/em><\/p>\n<p><a href=\"#_ftnref2\" name=\"_ftn2\">[2]<\/a> DELAHAUT F., (2012) <em>Le crime de l\u2019orateur\u00a0: Prise de parole en public<\/em>\u00a0Groupe de Boeck s.a., 2012<\/p>\n<p>[\/vc_column_text][\/vc_column][\/vc_row]<\/p>\n","protected":false},"excerpt":{"rendered":"<p>[vc_row][vc_column][vc_column_text] La peur de parler en public, est-ce une maladie\u00a0?<\/p>\n","protected":false},"author":3,"featured_media":4647,"comment_status":"closed","ping_status":"closed","sticky":false,"template":"","format":"standard","meta":{"footnotes":""},"categories":[50,57,45],"tags":[],"class_list":["post-4646","post","type-post","status-publish","format-standard","has-post-thumbnail","hentry","category-empresas","category-falar-em-publico","category-pessoal"],"yoast_head":"<!-- This site is optimized with the Yoast SEO plugin v26.8 - https:\/\/yoast.com\/product\/yoast-seo-wordpress\/ -->\n<title>\u00ab O medo de falar em p\u00fablico, \u00e9 uma doen\u00e7a\u00a0? \u00bb - attitude.lu<\/title>\n<meta name=\"robots\" content=\"index, follow, max-snippet:-1, max-image-preview:large, max-video-preview:-1\" \/>\n<link rel=\"canonical\" href=\"https:\/\/www.attitude.lu\/pt-pt\/o-medo-de-falar-em-publico-e-uma-doenca\/\" \/>\n<meta property=\"og:locale\" content=\"pt_PT\" \/>\n<meta property=\"og:type\" content=\"article\" \/>\n<meta property=\"og:title\" content=\"\u00ab O medo de falar em p\u00fablico, \u00e9 uma doen\u00e7a\u00a0? \u00bb - attitude.lu\" \/>\n<meta property=\"og:description\" content=\"[vc_row][vc_column][vc_column_text] La peur de parler en public, est-ce une maladie\u00a0?\" \/>\n<meta property=\"og:url\" content=\"https:\/\/www.attitude.lu\/pt-pt\/o-medo-de-falar-em-publico-e-uma-doenca\/\" \/>\n<meta property=\"og:site_name\" content=\"attitude.lu\" \/>\n<meta property=\"article:published_time\" content=\"2014-09-22T13:39:05+00:00\" \/>\n<meta property=\"article:modified_time\" content=\"2016-12-07T13:29:11+00:00\" \/>\n<meta property=\"og:image\" content=\"https:\/\/www.attitude.lu\/wp-content\/uploads\/2014\/09\/Fotolia_68245737_XS1.jpg\" \/>\n\t<meta property=\"og:image:width\" content=\"424\" \/>\n\t<meta property=\"og:image:height\" content=\"283\" \/>\n\t<meta property=\"og:image:type\" content=\"image\/jpeg\" \/>\n<meta name=\"author\" content=\"Miguel FERNANDES\" \/>\n<meta name=\"twitter:label1\" content=\"Escrito por\" \/>\n\t<meta name=\"twitter:data1\" content=\"Miguel FERNANDES\" \/>\n\t<meta name=\"twitter:label2\" content=\"Tempo estimado de leitura\" \/>\n\t<meta name=\"twitter:data2\" content=\"2 minutos\" \/>\n<script type=\"application\/ld+json\" class=\"yoast-schema-graph\">{\"@context\":\"https:\/\/schema.org\",\"@graph\":[{\"@type\":\"Article\",\"@id\":\"https:\/\/www.attitude.lu\/pt-pt\/o-medo-de-falar-em-publico-e-uma-doenca\/#article\",\"isPartOf\":{\"@id\":\"https:\/\/www.attitude.lu\/pt-pt\/o-medo-de-falar-em-publico-e-uma-doenca\/\"},\"author\":{\"name\":\"Miguel FERNANDES\",\"@id\":\"https:\/\/www.attitude.lu\/#\/schema\/person\/111b587f7cc65a82b59611b52652f2ef\"},\"headline\":\"\u00ab O medo de falar em p\u00fablico, \u00e9 uma doen\u00e7a\u00a0? \u00bb\",\"datePublished\":\"2014-09-22T13:39:05+00:00\",\"dateModified\":\"2016-12-07T13:29:11+00:00\",\"mainEntityOfPage\":{\"@id\":\"https:\/\/www.attitude.lu\/pt-pt\/o-medo-de-falar-em-publico-e-uma-doenca\/\"},\"wordCount\":457,\"image\":{\"@id\":\"https:\/\/www.attitude.lu\/pt-pt\/o-medo-de-falar-em-publico-e-uma-doenca\/#primaryimage\"},\"thumbnailUrl\":\"https:\/\/www.attitude.lu\/wp-content\/uploads\/2014\/09\/Fotolia_68245737_XS1.jpg\",\"articleSection\":[\"Empresas\",\"Falar em p\u00fablico\",\"Pessoal\"],\"inLanguage\":\"pt-PT\"},{\"@type\":\"WebPage\",\"@id\":\"https:\/\/www.attitude.lu\/pt-pt\/o-medo-de-falar-em-publico-e-uma-doenca\/\",\"url\":\"https:\/\/www.attitude.lu\/pt-pt\/o-medo-de-falar-em-publico-e-uma-doenca\/\",\"name\":\"\u00ab O medo de falar em p\u00fablico, \u00e9 uma doen\u00e7a\u00a0? \u00bb - attitude.lu\",\"isPartOf\":{\"@id\":\"https:\/\/www.attitude.lu\/#website\"},\"primaryImageOfPage\":{\"@id\":\"https:\/\/www.attitude.lu\/pt-pt\/o-medo-de-falar-em-publico-e-uma-doenca\/#primaryimage\"},\"image\":{\"@id\":\"https:\/\/www.attitude.lu\/pt-pt\/o-medo-de-falar-em-publico-e-uma-doenca\/#primaryimage\"},\"thumbnailUrl\":\"https:\/\/www.attitude.lu\/wp-content\/uploads\/2014\/09\/Fotolia_68245737_XS1.jpg\",\"datePublished\":\"2014-09-22T13:39:05+00:00\",\"dateModified\":\"2016-12-07T13:29:11+00:00\",\"author\":{\"@id\":\"https:\/\/www.attitude.lu\/#\/schema\/person\/111b587f7cc65a82b59611b52652f2ef\"},\"breadcrumb\":{\"@id\":\"https:\/\/www.attitude.lu\/pt-pt\/o-medo-de-falar-em-publico-e-uma-doenca\/#breadcrumb\"},\"inLanguage\":\"pt-PT\",\"potentialAction\":[{\"@type\":\"ReadAction\",\"target\":[\"https:\/\/www.attitude.lu\/pt-pt\/o-medo-de-falar-em-publico-e-uma-doenca\/\"]}]},{\"@type\":\"ImageObject\",\"inLanguage\":\"pt-PT\",\"@id\":\"https:\/\/www.attitude.lu\/pt-pt\/o-medo-de-falar-em-publico-e-uma-doenca\/#primaryimage\",\"url\":\"https:\/\/www.attitude.lu\/wp-content\/uploads\/2014\/09\/Fotolia_68245737_XS1.jpg\",\"contentUrl\":\"https:\/\/www.attitude.lu\/wp-content\/uploads\/2014\/09\/Fotolia_68245737_XS1.jpg\",\"width\":424,\"height\":283},{\"@type\":\"BreadcrumbList\",\"@id\":\"https:\/\/www.attitude.lu\/pt-pt\/o-medo-de-falar-em-publico-e-uma-doenca\/#breadcrumb\",\"itemListElement\":[{\"@type\":\"ListItem\",\"position\":1,\"name\":\"Home\",\"item\":\"https:\/\/www.attitude.lu\/pt-pt\/\"},{\"@type\":\"ListItem\",\"position\":2,\"name\":\"\u00ab O medo de falar em p\u00fablico, \u00e9 uma doen\u00e7a\u00a0? \u00bb\"}]},{\"@type\":\"WebSite\",\"@id\":\"https:\/\/www.attitude.lu\/#website\",\"url\":\"https:\/\/www.attitude.lu\/\",\"name\":\"attitude.lu\",\"description\":\"vous accompage dans vos diff\u00e9rents objectifs\",\"potentialAction\":[{\"@type\":\"SearchAction\",\"target\":{\"@type\":\"EntryPoint\",\"urlTemplate\":\"https:\/\/www.attitude.lu\/?s={search_term_string}\"},\"query-input\":{\"@type\":\"PropertyValueSpecification\",\"valueRequired\":true,\"valueName\":\"search_term_string\"}}],\"inLanguage\":\"pt-PT\"},{\"@type\":\"Person\",\"@id\":\"https:\/\/www.attitude.lu\/#\/schema\/person\/111b587f7cc65a82b59611b52652f2ef\",\"name\":\"Miguel FERNANDES\"}]}<\/script>\n<!-- \/ Yoast SEO plugin. -->","yoast_head_json":{"title":"\u00ab O medo de falar em p\u00fablico, \u00e9 uma doen\u00e7a\u00a0? \u00bb - attitude.lu","robots":{"index":"index","follow":"follow","max-snippet":"max-snippet:-1","max-image-preview":"max-image-preview:large","max-video-preview":"max-video-preview:-1"},"canonical":"https:\/\/www.attitude.lu\/pt-pt\/o-medo-de-falar-em-publico-e-uma-doenca\/","og_locale":"pt_PT","og_type":"article","og_title":"\u00ab O medo de falar em p\u00fablico, \u00e9 uma doen\u00e7a\u00a0? \u00bb - attitude.lu","og_description":"[vc_row][vc_column][vc_column_text] La peur de parler en public, est-ce une maladie\u00a0?","og_url":"https:\/\/www.attitude.lu\/pt-pt\/o-medo-de-falar-em-publico-e-uma-doenca\/","og_site_name":"attitude.lu","article_published_time":"2014-09-22T13:39:05+00:00","article_modified_time":"2016-12-07T13:29:11+00:00","og_image":[{"width":424,"height":283,"url":"https:\/\/www.attitude.lu\/wp-content\/uploads\/2014\/09\/Fotolia_68245737_XS1.jpg","type":"image\/jpeg"}],"author":"Miguel FERNANDES","twitter_misc":{"Escrito por":"Miguel FERNANDES","Tempo estimado de leitura":"2 minutos"},"schema":{"@context":"https:\/\/schema.org","@graph":[{"@type":"Article","@id":"https:\/\/www.attitude.lu\/pt-pt\/o-medo-de-falar-em-publico-e-uma-doenca\/#article","isPartOf":{"@id":"https:\/\/www.attitude.lu\/pt-pt\/o-medo-de-falar-em-publico-e-uma-doenca\/"},"author":{"name":"Miguel FERNANDES","@id":"https:\/\/www.attitude.lu\/#\/schema\/person\/111b587f7cc65a82b59611b52652f2ef"},"headline":"\u00ab O medo de falar em p\u00fablico, \u00e9 uma doen\u00e7a\u00a0? \u00bb","datePublished":"2014-09-22T13:39:05+00:00","dateModified":"2016-12-07T13:29:11+00:00","mainEntityOfPage":{"@id":"https:\/\/www.attitude.lu\/pt-pt\/o-medo-de-falar-em-publico-e-uma-doenca\/"},"wordCount":457,"image":{"@id":"https:\/\/www.attitude.lu\/pt-pt\/o-medo-de-falar-em-publico-e-uma-doenca\/#primaryimage"},"thumbnailUrl":"https:\/\/www.attitude.lu\/wp-content\/uploads\/2014\/09\/Fotolia_68245737_XS1.jpg","articleSection":["Empresas","Falar em p\u00fablico","Pessoal"],"inLanguage":"pt-PT"},{"@type":"WebPage","@id":"https:\/\/www.attitude.lu\/pt-pt\/o-medo-de-falar-em-publico-e-uma-doenca\/","url":"https:\/\/www.attitude.lu\/pt-pt\/o-medo-de-falar-em-publico-e-uma-doenca\/","name":"\u00ab O medo de falar em p\u00fablico, \u00e9 uma doen\u00e7a\u00a0? \u00bb - attitude.lu","isPartOf":{"@id":"https:\/\/www.attitude.lu\/#website"},"primaryImageOfPage":{"@id":"https:\/\/www.attitude.lu\/pt-pt\/o-medo-de-falar-em-publico-e-uma-doenca\/#primaryimage"},"image":{"@id":"https:\/\/www.attitude.lu\/pt-pt\/o-medo-de-falar-em-publico-e-uma-doenca\/#primaryimage"},"thumbnailUrl":"https:\/\/www.attitude.lu\/wp-content\/uploads\/2014\/09\/Fotolia_68245737_XS1.jpg","datePublished":"2014-09-22T13:39:05+00:00","dateModified":"2016-12-07T13:29:11+00:00","author":{"@id":"https:\/\/www.attitude.lu\/#\/schema\/person\/111b587f7cc65a82b59611b52652f2ef"},"breadcrumb":{"@id":"https:\/\/www.attitude.lu\/pt-pt\/o-medo-de-falar-em-publico-e-uma-doenca\/#breadcrumb"},"inLanguage":"pt-PT","potentialAction":[{"@type":"ReadAction","target":["https:\/\/www.attitude.lu\/pt-pt\/o-medo-de-falar-em-publico-e-uma-doenca\/"]}]},{"@type":"ImageObject","inLanguage":"pt-PT","@id":"https:\/\/www.attitude.lu\/pt-pt\/o-medo-de-falar-em-publico-e-uma-doenca\/#primaryimage","url":"https:\/\/www.attitude.lu\/wp-content\/uploads\/2014\/09\/Fotolia_68245737_XS1.jpg","contentUrl":"https:\/\/www.attitude.lu\/wp-content\/uploads\/2014\/09\/Fotolia_68245737_XS1.jpg","width":424,"height":283},{"@type":"BreadcrumbList","@id":"https:\/\/www.attitude.lu\/pt-pt\/o-medo-de-falar-em-publico-e-uma-doenca\/#breadcrumb","itemListElement":[{"@type":"ListItem","position":1,"name":"Home","item":"https:\/\/www.attitude.lu\/pt-pt\/"},{"@type":"ListItem","position":2,"name":"\u00ab O medo de falar em p\u00fablico, \u00e9 uma doen\u00e7a\u00a0? \u00bb"}]},{"@type":"WebSite","@id":"https:\/\/www.attitude.lu\/#website","url":"https:\/\/www.attitude.lu\/","name":"attitude.lu","description":"vous accompage dans vos diff\u00e9rents objectifs","potentialAction":[{"@type":"SearchAction","target":{"@type":"EntryPoint","urlTemplate":"https:\/\/www.attitude.lu\/?s={search_term_string}"},"query-input":{"@type":"PropertyValueSpecification","valueRequired":true,"valueName":"search_term_string"}}],"inLanguage":"pt-PT"},{"@type":"Person","@id":"https:\/\/www.attitude.lu\/#\/schema\/person\/111b587f7cc65a82b59611b52652f2ef","name":"Miguel FERNANDES"}]}},"_links":{"self":[{"href":"https:\/\/www.attitude.lu\/pt-pt\/wp-json\/wp\/v2\/posts\/4646","targetHints":{"allow":["GET"]}}],"collection":[{"href":"https:\/\/www.attitude.lu\/pt-pt\/wp-json\/wp\/v2\/posts"}],"about":[{"href":"https:\/\/www.attitude.lu\/pt-pt\/wp-json\/wp\/v2\/types\/post"}],"author":[{"embeddable":true,"href":"https:\/\/www.attitude.lu\/pt-pt\/wp-json\/wp\/v2\/users\/3"}],"replies":[{"embeddable":true,"href":"https:\/\/www.attitude.lu\/pt-pt\/wp-json\/wp\/v2\/comments?post=4646"}],"version-history":[{"count":1,"href":"https:\/\/www.attitude.lu\/pt-pt\/wp-json\/wp\/v2\/posts\/4646\/revisions"}],"predecessor-version":[{"id":4648,"href":"https:\/\/www.attitude.lu\/pt-pt\/wp-json\/wp\/v2\/posts\/4646\/revisions\/4648"}],"wp:featuredmedia":[{"embeddable":true,"href":"https:\/\/www.attitude.lu\/pt-pt\/wp-json\/wp\/v2\/media\/4647"}],"wp:attachment":[{"href":"https:\/\/www.attitude.lu\/pt-pt\/wp-json\/wp\/v2\/media?parent=4646"}],"wp:term":[{"taxonomy":"category","embeddable":true,"href":"https:\/\/www.attitude.lu\/pt-pt\/wp-json\/wp\/v2\/categories?post=4646"},{"taxonomy":"post_tag","embeddable":true,"href":"https:\/\/www.attitude.lu\/pt-pt\/wp-json\/wp\/v2\/tags?post=4646"}],"curies":[{"name":"wp","href":"https:\/\/api.w.org\/{rel}","templated":true}]}}